{"id":9306,"date":"2019-05-17T09:47:17","date_gmt":"2019-05-17T06:47:17","guid":{"rendered":"http:\/\/www.magdalenabiela.com\/?p=9306"},"modified":"2019-05-17T09:47:51","modified_gmt":"2019-05-17T06:47:51","slug":"jag-i-eu","status":"publish","type":"post","link":"https:\/\/www.magdalenabiela.com\/?p=9306","title":{"rendered":"Jag \/ I \/ Eu"},"content":{"rendered":"<p><a title=\"woman\u2013\" href=\"http:\/\/www.magdalenabiela.com\/wp-content\/uploads\/2019\/05\/woman-.jpg\" rel=\"prettyPhoto-img\"><img loading=\"lazy\" decoding=\"async\" class=\"alignleft size-medium wp-image-9307\" src=\"http:\/\/www.magdalenabiela.com\/wp-content\/uploads\/2019\/05\/woman--250x250.jpg\" alt=\"woman--\" width=\"250\" height=\"250\" srcset=\"https:\/\/www.magdalenabiela.com\/wp-content\/uploads\/2019\/05\/woman--250x250.jpg 250w, https:\/\/www.magdalenabiela.com\/wp-content\/uploads\/2019\/05\/woman--150x150.jpg 150w\" sizes=\"auto, (max-width: 250px) 100vw, 250px\" \/><\/a><\/p>\n<p>&nbsp;<\/p>\n<p>&nbsp;<\/p>\n<p>&nbsp;<\/p>\n<p>&nbsp;<\/p>\n<p>&nbsp;<\/p>\n<p>&nbsp;<\/p>\n<p>&nbsp;<\/p>\n<p>&nbsp;<\/p>\n<p>&nbsp;<\/p>\n<blockquote class=\"sc-blockquote\">Jag \/ I \/ Eu<br \/>\n&nbsp;<\/p>\n<p>&nbsp;<br \/>\nJag \u00e4r fr\u00e4mmande i detta land,<br \/>\nsom ligger djupt under det tryckande havet,<br \/>\nsolen blickar in med ringlande str\u00e5lar<br \/>\noch luften flyter mellan mina h\u00e4nder.<br \/>\nMan sade mig att jag \u00e4r f\u00f6dd i f\u00e5ngenskap &#8211;<br \/>\nh\u00e4r \u00e4r intet ansikte som vore mig bekant.<br \/>\nVar jag en sten, den man kastat hit p\u00e5 bottnen?<br \/>\nVar jag en frukt, som var f\u00f6r tung f\u00f6r sin gren?<br \/>\nH\u00e4r ligger jag p\u00e5 lur vid det susande tr\u00e4dets fot,<br \/>\nhur skall jag komma upp f\u00f6r de hala stammarna?<br \/>\nD\u00e4ruppe m\u00f6tas de raglande kronorna,<br \/>\nd\u00e4r vill jag sitta och speja ut<br \/>\nefter r\u00f6ken ur mitt hemlands skorstenar&#8230;<\/p>\n<p>EDITH S\u00d6DERGRAN<br \/>\n&#8212;&#8212;&#8212;&#8212;&#8212;&#8212;&#8212;&#8212;&#8212;&#8212;&#8212;&#8212;&#8212;&#8212;&#8212;&#8212;&#8212;&#8212;&#8212;&#8212;<\/p>\n<p>I<\/p>\n<p>I am foreign to this country,<br \/>\nwhich lies deep beneath the oppressive sea,<br \/>\nthe sun glances in with swirling rays<br \/>\nand the air flows between my hands.<br \/>\nThey told me I was born in captivity &#8211;<br \/>\nhere is no face that would be familiar to me.<br \/>\nWas I a stone, one which was thrown here to the bottom?<br \/>\nWas I a fruit that was too heavy for its branch?<br \/>\nHere I am lying in wait at the foot of the booming tree,<br \/>\nhow could I get up along the slippery trunk?<br \/>\nThere, above, the rattling crowns meet,<br \/>\nthere I want to sit and keep an eye on<br \/>\nthe smoke from my country&#8217;s chimneys &#8230;<br \/>\n&#8212;&#8212;&#8212;&#8212;&#8212;&#8212;&#8212;&#8212;&#8212;&#8212;&#8212;&#8212;&#8212;&#8212;&#8212;&#8212;<br \/>\nEu<\/p>\n<p>Sunt straina in asta tara<br \/>\nce se intinde adanc sub marea apasatoare,<br \/>\nsoarele priveste cu raze rasucite<br \/>\nsi aerul curge printre mainile mele.<br \/>\nMi-au spus c-am fost nascuta in captivitate &#8211;<br \/>\naici nu-i nici o fata care mi-ar fi familiara.<br \/>\nFost-am o piatra ce fu aruncata aici, in afund?<br \/>\nFost-am un fruct prea greu pentru creanga-i?<br \/>\nAici stau culcata asteptand la radacina copacului inflorind,<br \/>\ncum as putea urca de-a lungul trunchiului lunecos?<br \/>\nAcolo sus coroanele vociferand se intalnesc,<br \/>\nacolo as vrea sa stau si sa veghez<br \/>\nasupra fumului din hornurile tarii mele.<\/p>\n<p>&nbsp;<\/p>\n<p>Maria Magdalena<\/blockquote>\n","protected":false},"excerpt":{"rendered":"<p>&nbsp; &nbsp; &nbsp; &nbsp; &nbsp; &nbsp; &nbsp; &nbsp; &nbsp;<\/p>\n","protected":false},"author":1,"featured_media":0,"comment_status":"open","ping_status":"closed","sticky":false,"template":"","format":"standard","meta":{"footnotes":""},"categories":[7],"tags":[],"class_list":["post-9306","post","type-post","status-publish","format-standard","hentry","category-classic-poetry"],"_links":{"self":[{"href":"https:\/\/www.magdalenabiela.com\/index.php?rest_route=\/wp\/v2\/posts\/9306","targetHints":{"allow":["GET"]}}],"collection":[{"href":"https:\/\/www.magdalenabiela.com\/index.php?rest_route=\/wp\/v2\/posts"}],"about":[{"href":"https:\/\/www.magdalenabiela.com\/index.php?rest_route=\/wp\/v2\/types\/post"}],"author":[{"embeddable":true,"href":"https:\/\/www.magdalenabiela.com\/index.php?rest_route=\/wp\/v2\/users\/1"}],"replies":[{"embeddable":true,"href":"https:\/\/www.magdalenabiela.com\/index.php?rest_route=%2Fwp%2Fv2%2Fcomments&post=9306"}],"version-history":[{"count":3,"href":"https:\/\/www.magdalenabiela.com\/index.php?rest_route=\/wp\/v2\/posts\/9306\/revisions"}],"predecessor-version":[{"id":9309,"href":"https:\/\/www.magdalenabiela.com\/index.php?rest_route=\/wp\/v2\/posts\/9306\/revisions\/9309"}],"wp:attachment":[{"href":"https:\/\/www.magdalenabiela.com\/index.php?rest_route=%2Fwp%2Fv2%2Fmedia&parent=9306"}],"wp:term":[{"taxonomy":"category","embeddable":true,"href":"https:\/\/www.magdalenabiela.com\/index.php?rest_route=%2Fwp%2Fv2%2Fcategories&post=9306"},{"taxonomy":"post_tag","embeddable":true,"href":"https:\/\/www.magdalenabiela.com\/index.php?rest_route=%2Fwp%2Fv2%2Ftags&post=9306"}],"curies":[{"name":"wp","href":"https:\/\/api.w.org\/{rel}","templated":true}]}}