{"id":8187,"date":"2018-07-06T19:25:36","date_gmt":"2018-07-06T16:25:36","guid":{"rendered":"http:\/\/www.magdalenabiela.com\/?p=8187"},"modified":"2018-07-06T19:25:56","modified_gmt":"2018-07-06T16:25:56","slug":"la-o-fotografie","status":"publish","type":"post","link":"https:\/\/www.magdalenabiela.com\/?p=8187","title":{"rendered":"La o fotografie"},"content":{"rendered":"<p><a title=\"film\" href=\"http:\/\/www.magdalenabiela.com\/wp-content\/uploads\/2018\/07\/film.jpg\" rel=\"prettyPhoto-img\"><img loading=\"lazy\" decoding=\"async\" class=\"alignleft size-full wp-image-8042\" src=\"http:\/\/www.magdalenabiela.com\/wp-content\/uploads\/2018\/07\/film.jpg\" alt=\"film\" width=\"303\" height=\"384\" \/><\/a><\/p>\n<p>&nbsp;<\/p>\n<p>&nbsp;<\/p>\n<p>&nbsp;<\/p>\n<p>&nbsp;<\/p>\n<p>&nbsp;<\/p>\n<p>&nbsp;<\/p>\n<p>&nbsp;<\/p>\n<p>&nbsp;<\/p>\n<p>&nbsp;<\/p>\n<p>&nbsp;<\/p>\n<p>&nbsp;<\/p>\n<p>&nbsp;<\/p>\n<p>&nbsp;<\/p>\n<p>&nbsp;<\/p>\n<p>&nbsp;<\/p>\n<p>&nbsp;<\/p>\n<blockquote class=\"sc-blockquote\">La o fotografie<\/p>\n<p>&nbsp;<\/p>\n<p>M\u0103 uit privind fotografia<br \/>\n\u00cen care chipu-\u0163i st\u0103 cuprins<br \/>\n\u015ei de pe care vitregia<br \/>\nNici o lumin\u0103 n-a desprins.<\/p>\n<p>E\u015fti tot a\u015fa ca alt\u0103dat\u0103,<br \/>\nPrecum erai \u015fi te-am visat.<br \/>\nDe ram\u0103 ve\u015fnic ap\u0103rat\u0103,<br \/>\nLa tine timpul n-a intrat.<\/p>\n<p>Prin marginile ei de piatr\u0103<br \/>\nCu care d\u00e2rz te-mprejmuii,<br \/>\nChiar de-ar fi vrut s\u0103 te loveasc\u0103,<br \/>\nDu\u015fmanul n-a putut lovi.<\/p>\n<p>Privesc la tine, cea de-afar\u0103<br \/>\nCe-n nici o ram\u0103 nu te-ai vrut<br \/>\n\u015ei peste care timpul, fiar\u0103,<br \/>\nCa toate fiarele-a trecut.<\/p>\n<p>De-ar fi s\u0103 te g\u0103sesc acuma<br \/>\nDup\u0103 portret \u015fi nu te-a\u015f \u015fti,<br \/>\nA\u015f r\u0103scoli \u00eentreaga lume<br \/>\n\u015ei nu te-a\u015f mai putea g\u0103si.<\/p>\n<p>Virgil Carianopol<\/blockquote>\n","protected":false},"excerpt":{"rendered":"<p>&nbsp; &nbsp; &nbsp; &nbsp; &nbsp; &nbsp; &nbsp; &nbsp; &nbsp; &nbsp; [&hellip;]<\/p>\n","protected":false},"author":1,"featured_media":0,"comment_status":"open","ping_status":"closed","sticky":false,"template":"","format":"standard","meta":{"footnotes":""},"categories":[7],"tags":[],"class_list":["post-8187","post","type-post","status-publish","format-standard","hentry","category-classic-poetry"],"_links":{"self":[{"href":"https:\/\/www.magdalenabiela.com\/index.php?rest_route=\/wp\/v2\/posts\/8187","targetHints":{"allow":["GET"]}}],"collection":[{"href":"https:\/\/www.magdalenabiela.com\/index.php?rest_route=\/wp\/v2\/posts"}],"about":[{"href":"https:\/\/www.magdalenabiela.com\/index.php?rest_route=\/wp\/v2\/types\/post"}],"author":[{"embeddable":true,"href":"https:\/\/www.magdalenabiela.com\/index.php?rest_route=\/wp\/v2\/users\/1"}],"replies":[{"embeddable":true,"href":"https:\/\/www.magdalenabiela.com\/index.php?rest_route=%2Fwp%2Fv2%2Fcomments&post=8187"}],"version-history":[{"count":2,"href":"https:\/\/www.magdalenabiela.com\/index.php?rest_route=\/wp\/v2\/posts\/8187\/revisions"}],"predecessor-version":[{"id":8190,"href":"https:\/\/www.magdalenabiela.com\/index.php?rest_route=\/wp\/v2\/posts\/8187\/revisions\/8190"}],"wp:attachment":[{"href":"https:\/\/www.magdalenabiela.com\/index.php?rest_route=%2Fwp%2Fv2%2Fmedia&parent=8187"}],"wp:term":[{"taxonomy":"category","embeddable":true,"href":"https:\/\/www.magdalenabiela.com\/index.php?rest_route=%2Fwp%2Fv2%2Fcategories&post=8187"},{"taxonomy":"post_tag","embeddable":true,"href":"https:\/\/www.magdalenabiela.com\/index.php?rest_route=%2Fwp%2Fv2%2Ftags&post=8187"}],"curies":[{"name":"wp","href":"https:\/\/api.w.org\/{rel}","templated":true}]}}