{"id":7830,"date":"2018-04-21T10:48:31","date_gmt":"2018-04-21T07:48:31","guid":{"rendered":"http:\/\/www.magdalenabiela.com\/?p=7830"},"modified":"2019-01-13T16:05:25","modified_gmt":"2019-01-13T14:05:25","slug":"retrato","status":"publish","type":"post","link":"https:\/\/www.magdalenabiela.com\/?p=7830","title":{"rendered":"Retrato"},"content":{"rendered":"<p><a title=\"v6\" href=\"http:\/\/www.magdalenabiela.com\/wp-content\/uploads\/2018\/04\/v6.jpg\" rel=\"prettyPhoto-img\"><img loading=\"lazy\" decoding=\"async\" class=\"alignleft size-full wp-image-8463\" src=\"http:\/\/www.magdalenabiela.com\/wp-content\/uploads\/2018\/04\/v6.jpg\" alt=\"v6\" width=\"420\" height=\"419\" srcset=\"https:\/\/www.magdalenabiela.com\/wp-content\/uploads\/2018\/04\/v6.jpg 420w, https:\/\/www.magdalenabiela.com\/wp-content\/uploads\/2018\/04\/v6-150x150.jpg 150w, https:\/\/www.magdalenabiela.com\/wp-content\/uploads\/2018\/04\/v6-250x250.jpg 250w\" sizes=\"auto, (max-width: 420px) 100vw, 420px\" \/><\/a><\/p>\n<p>&nbsp;<\/p>\n<p>&nbsp;<\/p>\n<p>&nbsp;<\/p>\n<p>&nbsp;<\/p>\n<p>&nbsp;<\/p>\n<p>&nbsp;<\/p>\n<p>&nbsp;<\/p>\n<p>&nbsp;<\/p>\n<p>&nbsp;<\/p>\n<p>&nbsp;<\/p>\n<p>&nbsp;<\/p>\n<p>&nbsp;<\/p>\n<p>&nbsp;<\/p>\n<p>&nbsp;<\/p>\n<p>&nbsp;<\/p>\n<p>&nbsp;<\/p>\n<p>&nbsp;<\/p>\n<p>&nbsp;<\/p>\n<p>&nbsp;<\/p>\n<blockquote class=\"sc-blockquote\">Retrato<\/p>\n<p>Eu n\u00e3o tinha este rosto de hoje,<br \/>\nassim calmo, assim triste, assim magro,<br \/>\nnem estes olhos t\u00e3o vazios,<br \/>\nnem o l\u00e1bio amargo.<\/p>\n<p>Eu n\u00e3o tinha estas m\u00e3os sem for\u00e7a,<br \/>\nt\u00e3o paradas e frias e mortas;<br \/>\neu n\u00e3o tinha este cora\u00e7\u00e3o<br \/>\nque nem se mostra.<\/p>\n<p>Eu n\u00e3o dei por esta mudan\u00e7a,<br \/>\nt\u00e3o simples, t\u00e3o certa, t\u00e3o f\u00e1cil:<br \/>\n&#8211; Em que espelho ficou perdida<br \/>\na minha face?<br \/>\nCecilia Meireles<br \/>\n&#8230;&#8230;&#8230;&#8230;&#8230;&#8230;&#8230;&#8230;&#8230;&#8230;&#8230;&#8230;..<br \/>\nPortrait<\/p>\n<p>I didn&#8217;t have this face of now,<br \/>\nso resigned, so sad, so wasted,<br \/>\nnor these eyes so empty,<br \/>\nnor the bitter lips.<\/p>\n<p>I didn&#8217;t have these hands without strength,<br \/>\nso still and cold and dead;<br \/>\nI didn&#8217;t have this heart.<br \/>\nthat doesn\u2019t even show.<\/p>\n<p>I didn&#8217;t feel this change,<br \/>\nso simple, so sure, so easy:<br \/>\nIn which mirror is lost<br \/>\nmy face ?<\/p>\n<p>English version,<\/p>\n<p>Bielka<\/blockquote>\n","protected":false},"excerpt":{"rendered":"<p>&nbsp; &nbsp; &nbsp; &nbsp; &nbsp; &nbsp; &nbsp; &nbsp; &nbsp; &nbsp; [&hellip;]<\/p>\n","protected":false},"author":1,"featured_media":0,"comment_status":"open","ping_status":"closed","sticky":false,"template":"","format":"standard","meta":{"footnotes":""},"categories":[7],"tags":[],"class_list":["post-7830","post","type-post","status-publish","format-standard","hentry","category-classic-poetry"],"_links":{"self":[{"href":"https:\/\/www.magdalenabiela.com\/index.php?rest_route=\/wp\/v2\/posts\/7830","targetHints":{"allow":["GET"]}}],"collection":[{"href":"https:\/\/www.magdalenabiela.com\/index.php?rest_route=\/wp\/v2\/posts"}],"about":[{"href":"https:\/\/www.magdalenabiela.com\/index.php?rest_route=\/wp\/v2\/types\/post"}],"author":[{"embeddable":true,"href":"https:\/\/www.magdalenabiela.com\/index.php?rest_route=\/wp\/v2\/users\/1"}],"replies":[{"embeddable":true,"href":"https:\/\/www.magdalenabiela.com\/index.php?rest_route=%2Fwp%2Fv2%2Fcomments&post=7830"}],"version-history":[{"count":2,"href":"https:\/\/www.magdalenabiela.com\/index.php?rest_route=\/wp\/v2\/posts\/7830\/revisions"}],"predecessor-version":[{"id":8168,"href":"https:\/\/www.magdalenabiela.com\/index.php?rest_route=\/wp\/v2\/posts\/7830\/revisions\/8168"}],"wp:attachment":[{"href":"https:\/\/www.magdalenabiela.com\/index.php?rest_route=%2Fwp%2Fv2%2Fmedia&parent=7830"}],"wp:term":[{"taxonomy":"category","embeddable":true,"href":"https:\/\/www.magdalenabiela.com\/index.php?rest_route=%2Fwp%2Fv2%2Fcategories&post=7830"},{"taxonomy":"post_tag","embeddable":true,"href":"https:\/\/www.magdalenabiela.com\/index.php?rest_route=%2Fwp%2Fv2%2Ftags&post=7830"}],"curies":[{"name":"wp","href":"https:\/\/api.w.org\/{rel}","templated":true}]}}