{"id":7091,"date":"2017-09-28T14:25:44","date_gmt":"2017-09-28T11:25:44","guid":{"rendered":"http:\/\/www.magdalenabiela.com\/?p=7091"},"modified":"2017-09-28T14:31:35","modified_gmt":"2017-09-28T11:31:35","slug":"la-sorella-della-vita","status":"publish","type":"post","link":"https:\/\/www.magdalenabiela.com\/?p=7091","title":{"rendered":"La sorella della vita"},"content":{"rendered":"<p><a title=\"cat\" href=\"http:\/\/www.magdalenabiela.com\/wp-content\/uploads\/2017\/09\/cat.jpg\" rel=\"prettyPhoto-img\"><img loading=\"lazy\" decoding=\"async\" class=\"alignleft size-medium wp-image-7092\" src=\"http:\/\/www.magdalenabiela.com\/wp-content\/uploads\/2017\/09\/cat-250x250.jpg\" alt=\"cat\" width=\"250\" height=\"250\" srcset=\"https:\/\/www.magdalenabiela.com\/wp-content\/uploads\/2017\/09\/cat-250x250.jpg 250w, https:\/\/www.magdalenabiela.com\/wp-content\/uploads\/2017\/09\/cat-150x150.jpg 150w, https:\/\/www.magdalenabiela.com\/wp-content\/uploads\/2017\/09\/cat.jpg 668w\" sizes=\"auto, (max-width: 250px) 100vw, 250px\" \/><\/a><\/p>\n<p>&nbsp;<\/p>\n<p>&nbsp;<\/p>\n<p>&nbsp;<\/p>\n<p>&nbsp;<\/p>\n<p>&nbsp;<\/p>\n<p>&nbsp;<\/p>\n<p>&nbsp;<\/p>\n<p>&nbsp;<\/p>\n<p>&nbsp;<\/p>\n<p>&nbsp;<\/p>\n<blockquote class=\"sc-blockquote\">La sorella della vita &#8211; Sora vietii<\/p>\n<p>&nbsp;<\/p>\n<p>Cu nimic nu se aseamana viata asa cum ii seam\u0103n\u0103 mortii.<br \/>\nEste sora ei. Nici o diferent\u0103.<br \/>\nO iei de m\u00e2n\u0103, ii asezi p\u0103rul, o m\u00e2ng\u00e2i.<br \/>\nEa iti d\u0103ruieste o floare si iti z\u00e2mbeste.<br \/>\nIi ascunzi fata la piept<br \/>\nsi-i auzi vocea : s\u0103 mergem, este timpul.<br \/>\nDar nu-ti vorbeste despre o deosebire.<br \/>\nMoartea nu se asaz\u0103 cu fata la p\u0103m\u00e2nt<br \/>\nverde si alba, si nu se culca \u00eentr-un cosciug<br \/>\nalb. Se \u00eentoarce cu o figur\u0103 imbietoare<br \/>\nca s\u0103 vorbeasc\u0103 cu toat\u0103 lumea.<br \/>\nAre trasaturi delicate si o fat\u0103 dulce.<br \/>\nMaini usoare, t\u0103iate \u00een inima ta.<br \/>\nCine simte \u00een inim\u0103 acea m\u00e2n\u0103<br \/>\nusoara nu mai ajunge s\u0103-l \u00eenc\u0103lzeasc\u0103 soarele.<br \/>\nEste la fel de rece ca gheata, si f\u0103r\u0103 dragoste.<\/p>\n<p>&nbsp;<\/p>\n<p>Edith Sodergran<\/p>\n<p>&nbsp;<\/p>\n<p>In romaneste, Catalina Franco<br \/>\n&#8230;&#8230;&#8230;&#8230;&#8230;&#8230;&#8230;&#8230;&#8230;&#8230;&#8230;&#8230;&#8230;&#8230;&#8230;&#8230;&#8230;&#8230;&#8230;&#8230;&#8230;<br \/>\nA niente come alla morte rassomiglia la vita.<br \/>\nE&#8217; sua sorella. Senza differenze.<br \/>\nLa prendi per mano, le lisci i capelli, le fai una carezza.<br \/>\nLei ti regala un fiore e ti sorride.<br \/>\nLe nascondi la faccia dentro il petto<br \/>\ne senti la sua voce: andiamo, e&#8217; l&#8217;ora.<br \/>\nMa non ti parla di una differenza.<br \/>\nLa morte non si stende faccia a terra<br \/>\nverde e bianca, o supina in una bara<br \/>\nbianca. Va in giro con un volto vivido<br \/>\na parlare con tutti.<br \/>\nHa tratti delicati, e un volto tenero.<br \/>\nMani lievi, posate sul tuo cuore.<br \/>\nChi si sente sul cuore quella lieve<br \/>\nmano, non giunge piu&#8217; a scaldarlo, il sole.<br \/>\nE&#8217; freddo come il ghiaccio, e senza amore.<\/p>\n<p>&nbsp;<\/p>\n<p>&nbsp;<\/p>\n<p>L.Koch, Italian version<\/blockquote>\n<p>&nbsp;<\/p>\n<p>&nbsp;<\/p>\n<p>&nbsp;<\/p>\n<div class=\"text_exposed_show\"><\/div>\n","protected":false},"excerpt":{"rendered":"<p>&nbsp; &nbsp; &nbsp; &nbsp; &nbsp; &nbsp; &nbsp; &nbsp; &nbsp; &nbsp; [&hellip;]<\/p>\n","protected":false},"author":1,"featured_media":0,"comment_status":"open","ping_status":"closed","sticky":false,"template":"","format":"standard","meta":{"footnotes":""},"categories":[7],"tags":[],"class_list":["post-7091","post","type-post","status-publish","format-standard","hentry","category-classic-poetry"],"_links":{"self":[{"href":"https:\/\/www.magdalenabiela.com\/index.php?rest_route=\/wp\/v2\/posts\/7091","targetHints":{"allow":["GET"]}}],"collection":[{"href":"https:\/\/www.magdalenabiela.com\/index.php?rest_route=\/wp\/v2\/posts"}],"about":[{"href":"https:\/\/www.magdalenabiela.com\/index.php?rest_route=\/wp\/v2\/types\/post"}],"author":[{"embeddable":true,"href":"https:\/\/www.magdalenabiela.com\/index.php?rest_route=\/wp\/v2\/users\/1"}],"replies":[{"embeddable":true,"href":"https:\/\/www.magdalenabiela.com\/index.php?rest_route=%2Fwp%2Fv2%2Fcomments&post=7091"}],"version-history":[{"count":6,"href":"https:\/\/www.magdalenabiela.com\/index.php?rest_route=\/wp\/v2\/posts\/7091\/revisions"}],"predecessor-version":[{"id":7094,"href":"https:\/\/www.magdalenabiela.com\/index.php?rest_route=\/wp\/v2\/posts\/7091\/revisions\/7094"}],"wp:attachment":[{"href":"https:\/\/www.magdalenabiela.com\/index.php?rest_route=%2Fwp%2Fv2%2Fmedia&parent=7091"}],"wp:term":[{"taxonomy":"category","embeddable":true,"href":"https:\/\/www.magdalenabiela.com\/index.php?rest_route=%2Fwp%2Fv2%2Fcategories&post=7091"},{"taxonomy":"post_tag","embeddable":true,"href":"https:\/\/www.magdalenabiela.com\/index.php?rest_route=%2Fwp%2Fv2%2Ftags&post=7091"}],"curies":[{"name":"wp","href":"https:\/\/api.w.org\/{rel}","templated":true}]}}