{"id":5390,"date":"2015-08-31T19:44:40","date_gmt":"2015-08-31T16:44:40","guid":{"rendered":"http:\/\/www.magdalenabiela.com\/?p=5390"},"modified":"2015-08-31T19:49:37","modified_gmt":"2015-08-31T16:49:37","slug":"curata-mi-diminetile-de-vise","status":"publish","type":"post","link":"https:\/\/www.magdalenabiela.com\/?p=5390","title":{"rendered":"Cur\u0103\u021b\u0103-mi dimine\u021bile de vise"},"content":{"rendered":"<p><a title=\"love\" href=\"http:\/\/www.magdalenabiela.com\/wp-content\/uploads\/2015\/08\/love.jpg\" rel=\"prettyPhoto-img\"><img loading=\"lazy\" decoding=\"async\" class=\"alignleft size-medium wp-image-5391\" src=\"http:\/\/www.magdalenabiela.com\/wp-content\/uploads\/2015\/08\/love-250x250.jpg\" alt=\"love\" width=\"250\" height=\"250\" srcset=\"https:\/\/www.magdalenabiela.com\/wp-content\/uploads\/2015\/08\/love-250x250.jpg 250w, https:\/\/www.magdalenabiela.com\/wp-content\/uploads\/2015\/08\/love-150x150.jpg 150w\" sizes=\"auto, (max-width: 250px) 100vw, 250px\" \/><\/a><\/p>\n<p>&nbsp;<\/p>\n<p>&nbsp;<\/p>\n<p>&nbsp;<\/p>\n<p>&nbsp;<\/p>\n<p>&nbsp;<\/p>\n<p>&nbsp;<\/p>\n<p>&nbsp;<\/p>\n<p>&nbsp;<\/p>\n<p>&nbsp;<\/p>\n<p>&nbsp;<\/p>\n<p>&nbsp;<\/p>\n<blockquote class=\"sc-blockquote\">Cur\u0103\u021b\u0103-mi dimine\u021bile de vise<\/p>\n<p>Cur\u0103\u021b\u0103-mi dimine\u021bile de vise<br \/>\n\u0219i nop\u021bile de \u00eentuneric,<br \/>\namiezile mi le-nnopteaz\u0103<br \/>\n\u00een lumini de stea<br \/>\n\u0219i Lun\u0103 plin\u0103.<br \/>\nAscunde-Te-n inima mea,<br \/>\n\u0219i-acolo,<br \/>\ncu funii de floare<br \/>\n\u0219i ploi,<br \/>\n\u00eenl\u0103n\u021buie-mi zborul<br \/>\nprin lume<br \/>\n\u0219i c\u00e2nt\u0103-mi trist c\u00e2ntec-desc\u00e2ntec,<br \/>\npe strune<br \/>\nde suflet,<br \/>\ncu note de muguri<br \/>\n\u0219i nori.<\/p>\n<p>Apoi, obosi\u021bi de durerea<br \/>\nDe-a nu fi niciodat-am\u00e2ndoi,<br \/>\nAdu-mi \u00eenapoi diminea\u021ba,<br \/>\nCu vise frumoase, cu Noi.<\/p>\n<p>31.08.2015<\/p>\n<p>CORINA DIMITRIU<\/blockquote>\n<p>&nbsp;<\/p>\n","protected":false},"excerpt":{"rendered":"<p>&nbsp; &nbsp; &nbsp; &nbsp; &nbsp; &nbsp; &nbsp; &nbsp; &nbsp; &nbsp; [&hellip;]<\/p>\n","protected":false},"author":1,"featured_media":0,"comment_status":"open","ping_status":"closed","sticky":false,"template":"","format":"standard","meta":{"footnotes":""},"categories":[9],"tags":[],"class_list":["post-5390","post","type-post","status-publish","format-standard","hentry","category-contemporary-poetry"],"_links":{"self":[{"href":"https:\/\/www.magdalenabiela.com\/index.php?rest_route=\/wp\/v2\/posts\/5390","targetHints":{"allow":["GET"]}}],"collection":[{"href":"https:\/\/www.magdalenabiela.com\/index.php?rest_route=\/wp\/v2\/posts"}],"about":[{"href":"https:\/\/www.magdalenabiela.com\/index.php?rest_route=\/wp\/v2\/types\/post"}],"author":[{"embeddable":true,"href":"https:\/\/www.magdalenabiela.com\/index.php?rest_route=\/wp\/v2\/users\/1"}],"replies":[{"embeddable":true,"href":"https:\/\/www.magdalenabiela.com\/index.php?rest_route=%2Fwp%2Fv2%2Fcomments&post=5390"}],"version-history":[{"count":4,"href":"https:\/\/www.magdalenabiela.com\/index.php?rest_route=\/wp\/v2\/posts\/5390\/revisions"}],"predecessor-version":[{"id":5393,"href":"https:\/\/www.magdalenabiela.com\/index.php?rest_route=\/wp\/v2\/posts\/5390\/revisions\/5393"}],"wp:attachment":[{"href":"https:\/\/www.magdalenabiela.com\/index.php?rest_route=%2Fwp%2Fv2%2Fmedia&parent=5390"}],"wp:term":[{"taxonomy":"category","embeddable":true,"href":"https:\/\/www.magdalenabiela.com\/index.php?rest_route=%2Fwp%2Fv2%2Fcategories&post=5390"},{"taxonomy":"post_tag","embeddable":true,"href":"https:\/\/www.magdalenabiela.com\/index.php?rest_route=%2Fwp%2Fv2%2Ftags&post=5390"}],"curies":[{"name":"wp","href":"https:\/\/api.w.org\/{rel}","templated":true}]}}