{"id":5385,"date":"2015-08-31T14:15:50","date_gmt":"2015-08-31T11:15:50","guid":{"rendered":"http:\/\/www.magdalenabiela.com\/?p=5385"},"modified":"2015-08-31T14:16:47","modified_gmt":"2015-08-31T11:16:47","slug":"ratacind-cu-luna","status":"publish","type":"post","link":"https:\/\/www.magdalenabiela.com\/?p=5385","title":{"rendered":"Ratacind cu luna"},"content":{"rendered":"<p><a title=\"Moon\" href=\"http:\/\/www.magdalenabiela.com\/wp-content\/uploads\/2015\/08\/Moon.jpg\" rel=\"prettyPhoto-img\"><img loading=\"lazy\" decoding=\"async\" class=\"alignleft size-medium wp-image-5386\" src=\"http:\/\/www.magdalenabiela.com\/wp-content\/uploads\/2015\/08\/Moon-250x250.jpg\" alt=\"Moon\" width=\"250\" height=\"250\" srcset=\"https:\/\/www.magdalenabiela.com\/wp-content\/uploads\/2015\/08\/Moon-250x250.jpg 250w, https:\/\/www.magdalenabiela.com\/wp-content\/uploads\/2015\/08\/Moon-150x150.jpg 150w\" sizes=\"auto, (max-width: 250px) 100vw, 250px\" \/><\/a><\/p>\n<p>&nbsp;<\/p>\n<p>&nbsp;<\/p>\n<p>&nbsp;<\/p>\n<p>&nbsp;<\/p>\n<p>&nbsp;<\/p>\n<p>&nbsp;<\/p>\n<p>&nbsp;<\/p>\n<p>&nbsp;<\/p>\n<p>&nbsp;<\/p>\n<p>&nbsp;<\/p>\n<blockquote class=\"sc-blockquote\">Ratacind cu luna<\/p>\n<p>E-a\u015fa frumos s\u0103 r\u0103t\u0103ce\u015fti o noapte,<br \/>\ncu luna, ca o amfor\u0103, pe um\u0103r,<br \/>\ns\u0103 sim\u0163i, asemeni fructelor prea coapte,<br \/>\ncum cad \u00een tine g\u00eenduri f\u0103r\u0103 num\u0103r.<\/p>\n<p>Se-ntinde caldar\u00eemul ca o ap\u0103,<br \/>\nademenind molatec\u0103 piciorul,<br \/>\n\u015fi casele-\u015fi r\u0103sfa\u0163\u0103 larg pridvorul,<br \/>\n\u00een care luna n-a putut s\u0103-ncap\u0103,<\/p>\n<p>\u015fi-a curs &#8211; argint \u015fi miere &#8211; prin gr\u0103din\u0103&#8230;<br \/>\nSplendoarea ei poate-a f\u0103cut s\u0103 cad\u0103<br \/>\n&#8211; pierdute-ntr-o be\u0163ie de lumin\u0103 &#8211;<br \/>\nat\u00eetea flori de-acacia pe strad\u0103,<\/p>\n<p>\u015fi ea-i aceea care-n ast\u0103 sear\u0103<br \/>\n\u00ee\u0163i face dor de-o vorb\u0103 de iubire<br \/>\n\u015fi de-un fermec\u0103tor odinioar\u0103<br \/>\npierdut \u00een nu \u015ftiu c\u00eete cimitire.<\/p>\n<p>Asemeni unui bra\u0163 de fat\u0103 moart\u0103<br \/>\ne luna ce te duce-a\u015fa, de um\u0103r &#8211;<br \/>\nstafie, tu \u015fi ea, din poart\u0103-n poart\u0103,<br \/>\ns\u0103 numeri g\u00eendurile f\u0103r\u0103 num\u0103r.<\/p>\n<p>Opre\u015fte-te, cuprinde-\u0163i capu-n m\u00eeini,<br \/>\n\u015fi, dac\u0103 nu se poate altfel, pl\u00eengi.<br \/>\nC\u0103 luna, luna asta n-o s-o st\u00eengi<br \/>\ndec\u00eet cu jarul soarelui de m\u00eeni&#8230;<\/p>\n<p>&nbsp;<\/p>\n<p>Tonight the world has been able to observe a spectacular celestial phenomenon \u2013 the Supermoon, also known as the Sturgeon Moon. It is the first of three consecutive \u201csupermoons\u201d occurring this year.<br \/>\nPhoto: 29.08.2015, Finland, almost midnight<\/p>\n<p>&nbsp;<\/p>\n<p>Magda Isanos<\/blockquote>\n","protected":false},"excerpt":{"rendered":"<p>&nbsp; &nbsp; &nbsp; &nbsp; &nbsp; &nbsp; &nbsp; &nbsp; &nbsp; &nbsp;<\/p>\n","protected":false},"author":1,"featured_media":0,"comment_status":"open","ping_status":"closed","sticky":false,"template":"","format":"standard","meta":{"footnotes":""},"categories":[7],"tags":[],"class_list":["post-5385","post","type-post","status-publish","format-standard","hentry","category-classic-poetry"],"_links":{"self":[{"href":"https:\/\/www.magdalenabiela.com\/index.php?rest_route=\/wp\/v2\/posts\/5385","targetHints":{"allow":["GET"]}}],"collection":[{"href":"https:\/\/www.magdalenabiela.com\/index.php?rest_route=\/wp\/v2\/posts"}],"about":[{"href":"https:\/\/www.magdalenabiela.com\/index.php?rest_route=\/wp\/v2\/types\/post"}],"author":[{"embeddable":true,"href":"https:\/\/www.magdalenabiela.com\/index.php?rest_route=\/wp\/v2\/users\/1"}],"replies":[{"embeddable":true,"href":"https:\/\/www.magdalenabiela.com\/index.php?rest_route=%2Fwp%2Fv2%2Fcomments&post=5385"}],"version-history":[{"count":2,"href":"https:\/\/www.magdalenabiela.com\/index.php?rest_route=\/wp\/v2\/posts\/5385\/revisions"}],"predecessor-version":[{"id":5389,"href":"https:\/\/www.magdalenabiela.com\/index.php?rest_route=\/wp\/v2\/posts\/5385\/revisions\/5389"}],"wp:attachment":[{"href":"https:\/\/www.magdalenabiela.com\/index.php?rest_route=%2Fwp%2Fv2%2Fmedia&parent=5385"}],"wp:term":[{"taxonomy":"category","embeddable":true,"href":"https:\/\/www.magdalenabiela.com\/index.php?rest_route=%2Fwp%2Fv2%2Fcategories&post=5385"},{"taxonomy":"post_tag","embeddable":true,"href":"https:\/\/www.magdalenabiela.com\/index.php?rest_route=%2Fwp%2Fv2%2Ftags&post=5385"}],"curies":[{"name":"wp","href":"https:\/\/api.w.org\/{rel}","templated":true}]}}